{"id":1926,"date":"2024-05-21T07:56:53","date_gmt":"2024-05-21T07:56:53","guid":{"rendered":"https:\/\/icanfood.com\/auge-de-la-venta-de-caballa-de-bulgaria\/"},"modified":"2024-08-06T10:16:11","modified_gmt":"2024-08-06T10:16:11","slug":"auge-de-la-venta-de-caballa-de-bulgaria","status":"publish","type":"post","link":"https:\/\/icanfood.com\/ca\/auge-de-la-venta-de-caballa-de-bulgaria\/","title":{"rendered":"Auge de la venda de verat de Bulg\u00e0ria"},"content":{"rendered":"<p>Aquesta augmentat la venda de verat de Bulg\u00e0ria en RR90, format redu\u00eft que \u00e9s mes econ\u00f2mic, per l&#8217;encariment de les mat\u00e8ries primeres.<\/p>\n","protected":false},"excerpt":{"rendered":"<p>Aquesta augmentat la venda de verat de Bulg\u00e0ria en RR90, [&hellip;]<\/p>\n","protected":false},"author":1,"featured_media":1715,"comment_status":"open","ping_status":"open","sticky":false,"template":"","format":"standard","meta":{"footnotes":""},"categories":[28],"tags":[],"class_list":["post-1926","post","type-post","status-publish","format-standard","has-post-thumbnail","hentry","category-noticies"],"_links":{"self":[{"href":"https:\/\/icanfood.com\/ca\/wp-json\/wp\/v2\/posts\/1926","targetHints":{"allow":["GET"]}}],"collection":[{"href":"https:\/\/icanfood.com\/ca\/wp-json\/wp\/v2\/posts"}],"about":[{"href":"https:\/\/icanfood.com\/ca\/wp-json\/wp\/v2\/types\/post"}],"author":[{"embeddable":true,"href":"https:\/\/icanfood.com\/ca\/wp-json\/wp\/v2\/users\/1"}],"replies":[{"embeddable":true,"href":"https:\/\/icanfood.com\/ca\/wp-json\/wp\/v2\/comments?post=1926"}],"version-history":[{"count":1,"href":"https:\/\/icanfood.com\/ca\/wp-json\/wp\/v2\/posts\/1926\/revisions"}],"predecessor-version":[{"id":1927,"href":"https:\/\/icanfood.com\/ca\/wp-json\/wp\/v2\/posts\/1926\/revisions\/1927"}],"wp:featuredmedia":[{"embeddable":true,"href":"https:\/\/icanfood.com\/ca\/wp-json\/wp\/v2\/media\/1715"}],"wp:attachment":[{"href":"https:\/\/icanfood.com\/ca\/wp-json\/wp\/v2\/media?parent=1926"}],"wp:term":[{"taxonomy":"category","embeddable":true,"href":"https:\/\/icanfood.com\/ca\/wp-json\/wp\/v2\/categories?post=1926"},{"taxonomy":"post_tag","embeddable":true,"href":"https:\/\/icanfood.com\/ca\/wp-json\/wp\/v2\/tags?post=1926"}],"curies":[{"name":"wp","href":"https:\/\/api.w.org\/{rel}","templated":true}]}}